{"id":1944,"date":"2020-05-21T15:56:47","date_gmt":"2020-05-21T13:56:47","guid":{"rendered":"http:\/\/pkrs.org.pl\/?p=1944"},"modified":"2020-05-21T17:36:03","modified_gmt":"2020-05-21T15:36:03","slug":"komunikat-w-sprawie-inicjatywy-instytutu-piotra-skargi","status":"publish","type":"post","link":"https:\/\/pkrs.org.pl\/de\/komunikat-w-sprawie-inicjatywy-instytutu-piotra-skargi\/","title":{"rendered":"(Polski) Komunikat w sprawie \u201enarodowej nowenny pompeja\u0144skiej\u201d Stowarzyszenia Kultury Chrze\u015bcija\u0144skiej im. Ksi\u0119dza Piotra Skargi"},"content":{"rendered":"<p class=\"qtranxs-available-languages-message qtranxs-available-languages-message-de\">Leider ist der Eintrag nur auf <a href=\"https:\/\/pkrs.org.pl\/pl\/wp-json\/wp\/v2\/posts\/1944\" class=\"qtranxs-available-language-link qtranxs-available-language-link-pl\" title=\"Polski\">Polski<\/a> verf\u00fcgbar.<\/p><p><\/p>\n<p class=\"\">Jako Fundacja Kr\u00f3lowej R\u00f3\u017ca\u0144ca \u015awi\u0119tego, promuj\u0105ca od lat nowenn\u0119 pompeja\u0144sk\u0105 i dzie\u0142a b\u0142.\u00a0Bartola Longo w Polsce, otrzymujemy zapytania od r\u00f3\u017cnych os\u00f3b co do nowej inicjatywy\u00a0Stowarzyszenia Kultury Chrze\u015bcija\u0144skiej im. Ksi\u0119dza Piotra Skargi, zwi\u0105zanej z szerzeniem nowenny pompeja\u0144skiej.<span id=\"more-1944\" class=\"\"><\/span><!--more--><\/p>\n<figure id=\"attachment_1959\" aria-describedby=\"caption-attachment-1959\" style=\"width: 266px\" class=\"wp-caption alignright\"><img loading=\"lazy\" decoding=\"async\" class=\"wp-image-1959 \" src=\"http:\/\/pkrs.org.pl\/wp-content\/uploads\/2020\/05\/ips2-300x202.jpg\" alt=\"\u0179r\u00f3d\u0142o: pompejanska.org\" width=\"276\" height=\"186\" \/><figcaption id=\"caption-attachment-1959\" class=\"wp-caption-text\">\u0179r\u00f3d\u0142o z informacj\u0105 o omawianej inicjatywie: pompejanska .org Stowarzyszenia Kultury Chrze\u015bcija\u0144skiej im. Ksi\u0119dza Piotra Skargi<\/figcaption><\/figure>\n<p class=\"\">Wspomniane Stowarzyszenie na pocz\u0105tku maja 2020 r. rozpocz\u0119\u0142o kampani\u0119 zbierania pieni\u0119dzy pod\u00a0has\u0142em \u201enarodowej nowenny pompeja\u0144skiej\u201d. Kampania polega na wysy\u0142ce list\u00f3w\u00a0podpisanych przez prezesa Stowarzyszenia Kultury Chrze\u015bcija\u0144skiej im. Ksi\u0119dza Piotra Skargi, pana S\u0142awomira Olejniczaka, i do\u0142\u0105czaniu broszur z tre\u015bci\u0105\u00a0nowenny pompeja\u0144skiej.<\/p>\n<p class=\"\">Pan Olejniczak w li\u015bcie sugeruje, \u017ce za darczy\u0144c\u00f3w tej inicjatywy zostanie odm\u00f3wiony r\u00f3\u017caniec\u00a0w Papieskim Sanktuarium w Pompejach, a tak\u017ce zostan\u0105 przekazane do Sanktuarium\u00a0podzi\u0119kowania i pro\u015bby do Matki Bo\u017cej Pompeja\u0144skiej, przed cudowny obraz.<\/p>\n<p class=\"\">Informujemy, \u017ce\u00a0<span class=\"\"><strong>Papieskie\u00a0Sanktuarium w Pompejach wyda\u0142o specjalne o\u015bwiadczenie, \u017ce\u00a0nie uczestniczy w tej inicjatywie.\u00a0Za\u0142o\u017cone zbi\u00f3rki pieni\u0119dzy, intencji, podzi\u0119kowa\u0144, a tak\u017ce odmawianie r\u00f3\u017ca\u0144ca, nie s\u0105 inicjatyw\u0105 realizowan\u0105 wsp\u00f3lnie i w porozumieniu z Sanktuarium\u00a0pompeja\u0144skim<\/strong>.<\/span><\/p>\n<p class=\"\">Poni\u017cej za\u0142\u0105czamy o\u015bwiadczenie ks. Enrica Gargiulo, Kanclerza Papieskiego Sanktuarium w Pompejach, w j\u0119zyku polskim i w\u0142oskim.<\/p>\n<p class=\"\">Wiedz\u0105c o tych dzia\u0142aniach Stowarzyszenia Kultury Chrze\u015bcija\u0144skiej im. Ksi\u0119dza Piotra Skargi, prosimy, aby informowa\u0107 duchownych i osoby \u015bwieckie, kt\u00f3re nie maj\u0105c rozeznania w powy\u017cszej sprawie, mog\u0105 myli\u0107 inicjatywy wspomnianego Stowarzyszenia z faktycznymi dzia\u0142aniami Sanktuarium pompeja\u0144skiego.<\/p>\n<p class=\"\">Nadmieniamy, \u017ce w przesz\u0142o\u015bci w sprawie dzia\u0142a\u0144 ww. Stowarzyszenia pojawia\u0142y si\u0119 ju\u017c g\u0142osy krytyki ze strony Kurii Krakowskiej oraz w\u0142adz zakonnych. Poni\u017cej podajemy \u0142\u0105cza do materia\u0142\u00f3w:<\/p>\n<p><strong>Komunikat Archidiecezji Katowickiej<\/strong><br \/>\n<a href=\"https:\/\/archidiecezjakatowicka.pl\/o-diecezji\/aktualnosci\/1308-uwaga-na-zbiorke-na-rzecz-sanktuarium-w-pompejach\">https:\/\/archidiecezjakatowicka.pl\/o-diecezji\/aktualnosci\/1308-uwaga-na-zbiorke-na-rzecz-sanktuarium-w-pompejach<\/a><\/p>\n<p><strong>Komunikat Kurii Krakowskiej \u2013 Stowarzyszenie im. Ks. Piotra Skargi:<\/strong><br \/>\n<a href=\"https:\/\/diecezja.waw.pl\/1094?&amp;link_artykul\">https:\/\/diecezja.waw.pl\/1094?&amp;link_artykul<\/a><\/p>\n<p><strong>W\u0142adze zakon\u00f3w ostrzegaj\u0105 przed broszurk\u0105. &#8222;Nie ma nic wsp\u00f3lnego z Ko\u015bcio\u0142em&#8220;<\/strong><br \/>\n<a href=\"https:\/\/deon.pl\/kosciol\/wladze-zakonow-ostrzegaja-przed-broszurka-nie-ma-nic-wspolnego-z-kosciolem-foto,477203\">https:\/\/deon.pl\/kosciol\/wladze-zakonow-ostrzegaja-przed-broszurka-nie-ma-nic-wspolnego-z-kosciolem-foto,477203<\/a><\/p>\n<p><img loading=\"lazy\" decoding=\"async\" class=\"aligncenter size-full wp-image-1945\" src=\"http:\/\/pkrs.org.pl\/wp-content\/uploads\/2020\/05\/Comunicato-polacco-italiano-scaled.jpg\" alt=\"\" width=\"1809\" height=\"2560\" srcset=\"https:\/\/pkrs.org.pl\/wp-content\/uploads\/2020\/05\/Comunicato-polacco-italiano-scaled.jpg 1809w, https:\/\/pkrs.org.pl\/wp-content\/uploads\/2020\/05\/Comunicato-polacco-italiano-212x300.jpg 212w, https:\/\/pkrs.org.pl\/wp-content\/uploads\/2020\/05\/Comunicato-polacco-italiano-724x1024.jpg 724w, https:\/\/pkrs.org.pl\/wp-content\/uploads\/2020\/05\/Comunicato-polacco-italiano-768x1087.jpg 768w, https:\/\/pkrs.org.pl\/wp-content\/uploads\/2020\/05\/Comunicato-polacco-italiano-1085x1536.jpg 1085w, https:\/\/pkrs.org.pl\/wp-content\/uploads\/2020\/05\/Comunicato-polacco-italiano-1447x2048.jpg 1447w\" sizes=\"auto, (max-width: 1809px) 100vw, 1809px\" \/><\/p>\n<h2><\/h2>\n<p>&nbsp;<\/p>","protected":false},"excerpt":{"rendered":"<p class=\"qtranxs-available-languages-message qtranxs-available-languages-message-de\">Leider ist der Eintrag nur auf <a href=\"https:\/\/pkrs.org.pl\/pl\/wp-json\/wp\/v2\/posts\/1944\" class=\"qtranxs-available-language-link qtranxs-available-language-link-pl\" title=\"Polski\">Polski<\/a> verf\u00fcgbar.<\/p>\n<p>Informujemy, \u017ce Papieskie\u00a0Sanktuarium w Pompejach wyda\u0142o specjalne o\u015bwiadczenie, \u017ce\u00a0nie uczestniczy w inicjatywie Stowarzyszenia Kultury Chrze\u015bcija\u0144skiej im. Ksi\u0119dza Piotra Skargi.\u00a0Za\u0142o\u017cone zbi\u00f3rki pieni\u0119dzy, intencji, podzi\u0119kowa\u0144, a tak\u017ce odmawianie r\u00f3\u017ca\u0144ca, nie s\u0105 inicjatyw\u0105 realizowan\u0105 wsp\u00f3lnie i w porozumieniu z Sanktuarium\u00a0pompeja\u0144skim.<\/p>\n","protected":false},"author":101011,"featured_media":1959,"comment_status":"open","ping_status":"open","sticky":false,"template":"","format":"standard","meta":{"generate_page_header":"","footnotes":""},"categories":[8],"tags":[],"class_list":["post-1944","post","type-post","status-publish","format-standard","has-post-thumbnail","hentry","category-biezace-wydarzenia","infinite-scroll-item","masonry-post","generate-columns","tablet-grid-50","mobile-grid-100","grid-parent","grid-33"],"_links":{"self":[{"href":"https:\/\/pkrs.org.pl\/de\/wp-json\/wp\/v2\/posts\/1944","targetHints":{"allow":["GET"]}}],"collection":[{"href":"https:\/\/pkrs.org.pl\/de\/wp-json\/wp\/v2\/posts"}],"about":[{"href":"https:\/\/pkrs.org.pl\/de\/wp-json\/wp\/v2\/types\/post"}],"author":[{"embeddable":true,"href":"https:\/\/pkrs.org.pl\/de\/wp-json\/wp\/v2\/users\/101011"}],"replies":[{"embeddable":true,"href":"https:\/\/pkrs.org.pl\/de\/wp-json\/wp\/v2\/comments?post=1944"}],"version-history":[{"count":0,"href":"https:\/\/pkrs.org.pl\/de\/wp-json\/wp\/v2\/posts\/1944\/revisions"}],"wp:featuredmedia":[{"embeddable":true,"href":"https:\/\/pkrs.org.pl\/de\/wp-json\/wp\/v2\/media\/1959"}],"wp:attachment":[{"href":"https:\/\/pkrs.org.pl\/de\/wp-json\/wp\/v2\/media?parent=1944"}],"wp:term":[{"taxonomy":"category","embeddable":true,"href":"https:\/\/pkrs.org.pl\/de\/wp-json\/wp\/v2\/categories?post=1944"},{"taxonomy":"post_tag","embeddable":true,"href":"https:\/\/pkrs.org.pl\/de\/wp-json\/wp\/v2\/tags?post=1944"}],"curies":[{"name":"wp","href":"https:\/\/api.w.org\/{rel}","templated":true}]}}