{"id":325,"date":"2014-05-07T09:37:55","date_gmt":"2014-05-07T07:37:55","guid":{"rendered":"http:\/\/pkrs.org.pl\/?p=325"},"modified":"2015-10-22T12:58:03","modified_gmt":"2015-10-22T10:58:03","slug":"bylem-w-wiezieniu","status":"publish","type":"post","link":"https:\/\/pkrs.org.pl\/de\/bylem-w-wiezieniu\/","title":{"rendered":"Ich war im Gef\u00e4ngnis"},"content":{"rendered":"<p>Wir bedanken uns bei allen, die bei unserer Aktion &#8222;Novene\u00a0f\u00fcr die Gefangenen&#8220; (verlautbart in 8. Ausgabe unseres Zeitschriftes)\u00a0in irgendeiner Weise mitgeholfen haben.<\/p>\n<p><!--more--><\/p>\n<p>Gesammelte Spendengelder in H\u00f6he von 780,70 PLN (\u20ac188)\u00a0wurden f\u00fcr zwei Pakete mit\u00a0Lesestoff f\u00fcr die Seele, darin\u00a0Rosenkranz-Novene und ein Paar Exemplare unseres\u00a0Zeitschriftes \u201eKr\u00f3lowa R\u00f3\u017ca\u0144ca \u015awi\u0119tego\u201d\u00a0(Die Rosenkranzk\u00f6nigin), an zwei Frauengef\u00e4ngnisse in Krzywaniec und Grudzi\u0105dz (deutsch\u00a0<i>Graudenz<\/i>) weitergeleitet.<\/p>\n<p>Wir danken unseren Hauptsponsoren f\u00fcr Ihre freundliche Unterst\u00fctzung: Zenon F., Teresa G., Katarzyna J., Krystyna K., Barbara \u0141., Joanna M., Maria O., Janina P., Leszek P., Lucyna P., Weronika P., Irena R., Jadwiga S., Agnieszka W., Eugenia Z., Marta Z.<\/p>\n<p>Dar\u00fcber hinaus hat der Rosemaria Verlag mit Hilfe von Piotr, ehemaligen Gefangener, der in 9. Ausgabe unseres Zeitschriftes interviewt wurde,\u00a040 B\u00fccher\u00a0\u2013 Biografien des Seligen Bartolo Longo, Patron von Kindern der Gefengenen.<\/p>\n<p>M\u00f6chten Sie unsere Aktion unterst\u00fctzen? Jede Hilfe ist willkommen!\u00a0Sie k\u00f6nnen Ihre\u00a0Spende\u00a0online oder\u00a0per \u00dcberweisung\u00a0auf unser\u00a0Konto \u00fcberweisen (Im Titel der \u00dcberweisung bitte \u201eNovene\u00a0f\u00fcr die Gefangenen\u201c angeben). Das Buch von Piotr &#8222;Wolno\u015b\u0107, jak\u0105 daje B\u00f3g&#8220; (Die Freiheit, die Gott uns gibt)\u00a0ist\u00a0eine andere M\u00f6glichkeit, uns zu helfen.<\/p>\n<p>Es ist auch erw\u00e4hnenswert, dass die Fronda Zeitschrift spornt an, an die geistige Adoption der Gefangenen teilzunehmen. Eine Deklaration des Gebets im Intention eines oder einer\u00a0gew\u00e4hlten Gefangene(-r) kann man an der Webseite\u00a0www.adopcjawiezniow.pl einreichen.<\/p>","protected":false},"excerpt":{"rendered":"<p>Wir bedanken uns bei allen, die bei unserer Aktion &#8222;Novene\u00a0f\u00fcr die Gefangenen&#8220; (verlautbart in 8. Ausgabe unseres Zeitschriftes)\u00a0in irgendeiner Weise mitgeholfen haben.<\/p>\n","protected":false},"author":101011,"featured_media":0,"comment_status":"open","ping_status":"open","sticky":false,"template":"","format":"standard","meta":{"generate_page_header":"","footnotes":""},"categories":[9],"tags":[12,13,16,14,15,26,11],"class_list":["post-325","post","type-post","status-publish","format-standard","hentry","category-darczyncy","tag-novena-for-a-prisoner","tag-novene-fur-die-gefangenen","tag-die-geistige-adoption-der-gefangenen","tag-duchowa-adopcja-wiezniow","tag-spiritual-adoption-of-prisoners","tag-wiezniowie","tag-nowenna-dla-wieznia","infinite-scroll-item","masonry-post","generate-columns","tablet-grid-50","mobile-grid-100","grid-parent","grid-33"],"_links":{"self":[{"href":"https:\/\/pkrs.org.pl\/de\/wp-json\/wp\/v2\/posts\/325","targetHints":{"allow":["GET"]}}],"collection":[{"href":"https:\/\/pkrs.org.pl\/de\/wp-json\/wp\/v2\/posts"}],"about":[{"href":"https:\/\/pkrs.org.pl\/de\/wp-json\/wp\/v2\/types\/post"}],"author":[{"embeddable":true,"href":"https:\/\/pkrs.org.pl\/de\/wp-json\/wp\/v2\/users\/101011"}],"replies":[{"embeddable":true,"href":"https:\/\/pkrs.org.pl\/de\/wp-json\/wp\/v2\/comments?post=325"}],"version-history":[{"count":0,"href":"https:\/\/pkrs.org.pl\/de\/wp-json\/wp\/v2\/posts\/325\/revisions"}],"wp:attachment":[{"href":"https:\/\/pkrs.org.pl\/de\/wp-json\/wp\/v2\/media?parent=325"}],"wp:term":[{"taxonomy":"category","embeddable":true,"href":"https:\/\/pkrs.org.pl\/de\/wp-json\/wp\/v2\/categories?post=325"},{"taxonomy":"post_tag","embeddable":true,"href":"https:\/\/pkrs.org.pl\/de\/wp-json\/wp\/v2\/tags?post=325"}],"curies":[{"name":"wp","href":"https:\/\/api.w.org\/{rel}","templated":true}]}}