{"id":503,"date":"2015-06-17T21:57:05","date_gmt":"2015-06-17T19:57:05","guid":{"rendered":"http:\/\/pkrs.org.pl\/?p=503"},"modified":"2015-10-22T12:58:02","modified_gmt":"2015-10-22T10:58:02","slug":"nowenna-dla-wieznia","status":"publish","type":"post","link":"https:\/\/pkrs.org.pl\/de\/nowenna-dla-wieznia\/","title":{"rendered":"Novene f\u00fcr die Gefangenen!"},"content":{"rendered":"<p>Unsere Aktion \u201cNovene f\u00fcr die Gefangenen\u201d hat keine Ende! Nach M\u00f6glichkeit unserer Gebern schicken wir die &#8222;Rosenkranz-Pakete&#8220; an Pfarrer in Gef\u00e4ngnisseelsorge. Letstens haben wir zwei Gro\u00dfpackungen im gesamten Wert von 677,20 PLN (etwa 161,97 \u20ac) an Untersuchungshaft Breslau und an Frauengef\u00e4ngnis in Lublinitz verteilt.<br \/>\nDer tats\u00e4chliche Inhalt der Verpackung wurde zu einem symbolischen Preis erworben, was reichhaltigen und vielseitigen Inhalten bedeutet. Unter Anderem: Exemplare unseres Zeitschriftes \u201eKr\u00f3lowa R\u00f3\u017ca\u0144ca \u015awi\u0119tego\u201d (Die Rosenkranzk\u00f6nigin), Hunderte von Bildern mit Rosenkranz-Novena, B\u00fccher und Publikationen \u00fcber pompejanischen Novena, das Buch \u201cWolno\u015b\u0107, jak\u0105 daje B\u00f3g\u201d (Die Freiheit, die Gott uns gibt) &#8211; eine Geschichte des Gefangenen, der sich zum christlichen Glauben bekehrt hatte, Gebetb\u00fccher, Biografien des Seligen Bartolo Longos und pompejanische Rosenkr\u00e4nze. Dzi\u0119ki uzbieranym \u015brodkom mo\u017cemy przygotowa\u0107 tak\u0105 paczk\u0119 co ok. dwa miesi\u0105ce. Dank der gesammelten Spendengelder sind wir jetzt im Stande, so ein Paket jeden zweiten Monat vorzubereiten.<\/p>\n<p>Wir danken unseren Hauptsponsoren f\u00fcr Ihre freundliche Unterst\u00fctzung: Halina D. (30 PLN), Jadwiga S. (25 PLN), Malwina O. (50 PLN), Eliza W. (20 PLN), El\u017cbieta K. (100 PLN), Agnieszka W. (100 PLN), Karina D. (20 PLN), Anna B. (10 PLN), Arkadiusz Z. (130 PLN), Agnieszka J. (75 PLN), Ma\u0142gorzata S. (50 PLN), insgesamt 610 PLN (145,90 \u20ac).<br \/>\nWir bedanken uns im Namen unserer Gefangenen und ihrer Pfarrer!<\/p>","protected":false},"excerpt":{"rendered":"<p class=\"qtranxs-available-languages-message qtranxs-available-languages-message-de\">Leider ist der Eintrag nur auf <a href=\"https:\/\/pkrs.org.pl\/pl\/wp-json\/wp\/v2\/posts\/503\" class=\"qtranxs-available-language-link qtranxs-available-language-link-pl\" title=\"Polski\">Polski<\/a> verf\u00fcgbar.<\/p>\n<p>Jak pom\u00f3c tym, od kt\u00f3rych wszyscy ju\u017c si\u0119 odwr\u00f3cili? &#8222;Nowenna dla wi\u0119\u017ania&#8220; to akcja, kt\u00f3ra stara si\u0119 dotrze\u0107 do najbardziej osamotnionych i zab\u0142\u0105kanych dusz.<\/p>\n","protected":false},"author":101011,"featured_media":504,"comment_status":"open","ping_status":"open","sticky":false,"template":"","format":"standard","meta":{"generate_page_header":"","footnotes":""},"categories":[1],"tags":[26],"class_list":["post-503","post","type-post","status-publish","format-standard","has-post-thumbnail","hentry","category-inne-wiadomosci","tag-wiezniowie","infinite-scroll-item","masonry-post","generate-columns","tablet-grid-50","mobile-grid-100","grid-parent","grid-33"],"_links":{"self":[{"href":"https:\/\/pkrs.org.pl\/de\/wp-json\/wp\/v2\/posts\/503","targetHints":{"allow":["GET"]}}],"collection":[{"href":"https:\/\/pkrs.org.pl\/de\/wp-json\/wp\/v2\/posts"}],"about":[{"href":"https:\/\/pkrs.org.pl\/de\/wp-json\/wp\/v2\/types\/post"}],"author":[{"embeddable":true,"href":"https:\/\/pkrs.org.pl\/de\/wp-json\/wp\/v2\/users\/101011"}],"replies":[{"embeddable":true,"href":"https:\/\/pkrs.org.pl\/de\/wp-json\/wp\/v2\/comments?post=503"}],"version-history":[{"count":0,"href":"https:\/\/pkrs.org.pl\/de\/wp-json\/wp\/v2\/posts\/503\/revisions"}],"wp:featuredmedia":[{"embeddable":true,"href":"https:\/\/pkrs.org.pl\/de\/wp-json\/wp\/v2\/media\/504"}],"wp:attachment":[{"href":"https:\/\/pkrs.org.pl\/de\/wp-json\/wp\/v2\/media?parent=503"}],"wp:term":[{"taxonomy":"category","embeddable":true,"href":"https:\/\/pkrs.org.pl\/de\/wp-json\/wp\/v2\/categories?post=503"},{"taxonomy":"post_tag","embeddable":true,"href":"https:\/\/pkrs.org.pl\/de\/wp-json\/wp\/v2\/tags?post=503"}],"curies":[{"name":"wp","href":"https:\/\/api.w.org\/{rel}","templated":true}]}}