{"id":2299,"date":"2021-05-05T17:00:44","date_gmt":"2021-05-05T15:00:44","guid":{"rendered":"https:\/\/pkrs.org.pl\/?p=2299"},"modified":"2021-05-05T15:57:06","modified_gmt":"2021-05-05T13:57:06","slug":"dla-katolikow-na-ukrainie","status":"publish","type":"post","link":"https:\/\/pkrs.org.pl\/en\/dla-katolikow-na-ukrainie\/","title":{"rendered":"(Polski) Dla katolik\u00f3w na Ukrainie!"},"content":{"rendered":"<p class=\"qtranxs-available-languages-message qtranxs-available-languages-message-en\">Sorry, this entry is only available in <a href=\"https:\/\/pkrs.org.pl\/pl\/wp-json\/wp\/v2\/posts\/2299\" class=\"qtranxs-available-language-link qtranxs-available-language-link-pl\" title=\"Polski\">Polski<\/a>.<\/p><p><a href=\"http:\/\/pkrs.org.pl\/wp-content\/uploads\/2021\/05\/40-bp_jan_sobilo.jpg\"><img loading=\"lazy\" decoding=\"async\" class=\"size-medium wp-image-2300 alignleft\" src=\"http:\/\/pkrs.org.pl\/wp-content\/uploads\/2021\/05\/40-bp_jan_sobilo-300x200.jpg\" alt=\"bp Jan Sobilo\" width=\"300\" height=\"200\" srcset=\"https:\/\/pkrs.org.pl\/wp-content\/uploads\/2021\/05\/40-bp_jan_sobilo-300x200.jpg 300w, https:\/\/pkrs.org.pl\/wp-content\/uploads\/2021\/05\/40-bp_jan_sobilo-768x512.jpg 768w, https:\/\/pkrs.org.pl\/wp-content\/uploads\/2021\/05\/40-bp_jan_sobilo.jpg 800w\" sizes=\"auto, (max-width: 300px) 100vw, 300px\" \/><\/a>Pami\u0119tacie nasz\u0105 zbi\u00f3rk\u0119 na modlitewnik pompeja\u0144ski dla katolik\u00f3w na Ukrainie? Ksi\u0105dz Mariusz Krawiec koordynuje rozpowszechnianie wydrukowanych ksi\u0105\u017ceczek w tym kraju. Pisze do nas: \u201ePrzekaza\u0142em 100 szt. modlitewnika bp Janowi Sobi\u0142o, kt\u00f3ry jest biskupem pomocniczym diecezji charkowsko-zaporoskiej, na terenie kt\u00f3rej od 2014 toczy si\u0119 wojna. Walki wci\u0105\u017c trwaj\u0105. Diecezja ta obejmuje tak\u017ce tereny okupowane z miastami Donieck i \u0141uga\u0144sk. Biskup Jan b\u0119dzie rozdawa\u0142 modlitewnik. Prosi\u0142, abym podzi\u0119kowa\u0142 ofiarodawcom i\u00a0zapewnia o modlitwie.\u201d <!--more-->Ksi\u0105dz Mariusz wpad\u0142 na pomys\u0142, aby kontynuowa\u0107 dzie\u0142o pompeja\u0144skie. Nowym celem jest przet\u0142umaczenia na j\u0119zyk ukrai\u00ad\u0144ski biografii b\u0142. Bartolo Longo:\u2008\u201eTo \u015bwi\u0119ty bardzo potrzebny w tym kraju. Jego nawr\u00f3cenie mo\u017ce by\u0107 dla wielu ludzi przyk\u0142adem i inspiracj\u0105 w ich drodze ku Bogu, tym bardziej \u017ce magia i wr\u00f3\u017c\u00adbiarstwo s\u0105 tutaj bardzo rozpo\u00adwszechnione. Mamy nadziej\u0119, \u017ce dzi\u0119ki Waszej pomocy uda si\u0119 nam ju\u017c wkr\u00f3tce wyda\u0107 po ukrai\u0144sku biografi\u0119 b\u0142. Bartola, i \u017ce stanie si\u0119 ona dla wielu mieszka\u0144c\u00f3w tego kraju, pomoc\u0105 w ich drodze ku Bogu.\u201d Do\u0142\u0105cz do zbi\u00f3rki na wdowigrosz.pl &#8211; <a href=\"https:\/\/wdowigrosz.pl\/wyswietlane-projekty\/\/details\/103\">kliknij tutaj!<\/a><\/p>","protected":false},"excerpt":{"rendered":"<p>Sorry, this entry is only available in Polski.Pami\u0119tacie nasz\u0105 zbi\u00f3rk\u0119 na modlitewnik pompeja\u0144ski dla katolik\u00f3w na Ukrainie? Ksi\u0105dz Mariusz Krawiec koordynuje rozpowszechnianie wydrukowanych ksi\u0105\u017ceczek w tym kraju. Pisze do nas: \u201ePrzekaza\u0142em 100 szt. modlitewnika bp Janowi Sobi\u0142o, kt\u00f3ry jest biskupem pomocniczym diecezji charkowsko-zaporoskiej, na terenie kt\u00f3rej od 2014 toczy si\u0119 wojna. Walki wci\u0105\u017c trwaj\u0105. Diecezja &#8230; <a title=\"(Polski) Dla katolik\u00f3w na Ukrainie!\" class=\"read-more\" href=\"https:\/\/pkrs.org.pl\/en\/dla-katolikow-na-ukrainie\/\" aria-label=\"Read more about (Polski) Dla katolik\u00f3w na Ukrainie!\">Przeczytaj ca\u0142o\u015b\u0107<\/a><\/p>\n","protected":false},"author":101013,"featured_media":0,"comment_status":"open","ping_status":"open","sticky":false,"template":"","format":"standard","meta":{"generate_page_header":"","footnotes":""},"categories":[8],"tags":[],"class_list":["post-2299","post","type-post","status-publish","format-standard","hentry","category-biezace-wydarzenia","infinite-scroll-item","masonry-post","generate-columns","tablet-grid-50","mobile-grid-100","grid-parent","grid-33"],"_links":{"self":[{"href":"https:\/\/pkrs.org.pl\/en\/wp-json\/wp\/v2\/posts\/2299","targetHints":{"allow":["GET"]}}],"collection":[{"href":"https:\/\/pkrs.org.pl\/en\/wp-json\/wp\/v2\/posts"}],"about":[{"href":"https:\/\/pkrs.org.pl\/en\/wp-json\/wp\/v2\/types\/post"}],"author":[{"embeddable":true,"href":"https:\/\/pkrs.org.pl\/en\/wp-json\/wp\/v2\/users\/101013"}],"replies":[{"embeddable":true,"href":"https:\/\/pkrs.org.pl\/en\/wp-json\/wp\/v2\/comments?post=2299"}],"version-history":[{"count":0,"href":"https:\/\/pkrs.org.pl\/en\/wp-json\/wp\/v2\/posts\/2299\/revisions"}],"wp:attachment":[{"href":"https:\/\/pkrs.org.pl\/en\/wp-json\/wp\/v2\/media?parent=2299"}],"wp:term":[{"taxonomy":"category","embeddable":true,"href":"https:\/\/pkrs.org.pl\/en\/wp-json\/wp\/v2\/categories?post=2299"},{"taxonomy":"post_tag","embeddable":true,"href":"https:\/\/pkrs.org.pl\/en\/wp-json\/wp\/v2\/tags?post=2299"}],"curies":[{"name":"wp","href":"https:\/\/api.w.org\/{rel}","templated":true}]}}